{"id":938,"date":"2021-12-15T16:10:22","date_gmt":"2021-12-15T19:10:22","guid":{"rendered":"https:\/\/hablagalera.com\/?p=938"},"modified":"2021-12-15T16:17:46","modified_gmt":"2021-12-15T19:17:46","slug":"qual-a-melhor-epoca-do-ano-para-se-mudar-para-a-espanha","status":"publish","type":"post","link":"https:\/\/hablagalera.com\/?p=938","title":{"rendered":"Qual a melhor \u00e9poca do ano para se mudar para a Espanha?"},"content":{"rendered":"\n<p>Planejamento quase na etapa final e chega a hora de pensar em qual \u00e9poca e m\u00eas voc\u00ea realizar\u00e1 a t\u00e3o sonhada mudan\u00e7a.<\/p>\n\n\n\n<p>Pode parecer bobeira, mas existem sim alguns per\u00edodos do ano que s\u00e3o mais aconselhados para a realiza\u00e7\u00e3o da mudan\u00e7a e isso se deve a diversos motivos que voc\u00ea j\u00e1 vai saber quais s\u00e3o.<\/p>\n\n\n\n<figure class=\"wp-block-image\"><img src=\"https:\/\/lh3.googleusercontent.com\/6aNMxu64KWe8B-0cpNeSocjMoj6Oky8rAYG5b8NiaEgwjcwIKWiNlSayVKCHZR9qS3gC3GkIupQi9yzHtU42NHYxbFY-SQuGVf9r6wpLbQMwv7ffDREXrPo9wZozYQ\" alt=\"\"\/><\/figure>\n\n\n\n<p><strong>Clima<\/strong><\/p>\n\n\n\n<p>A Espanha \u00e9 um pa\u00eds que tem as esta\u00e7\u00f5es do ano super bem definidas e isso \u00e9 um ponto muito positivo, pois de acordo com o m\u00eas que voc\u00ea escolher para viajar, voc\u00ea j\u00e1 saber\u00e1 o que esperar do outro lado do oceano!!<\/p>\n\n\n\n<p>Mesmo que voc\u00ea seja uma pessoa que gosta do frio, as mudan\u00e7as bruscas de temperaturas podem fazer com que voc\u00ea fique doente e isso com certeza vai diminuir a disposi\u00e7\u00e3o que voc\u00ea precisar\u00e1 ter nesse come\u00e7o, voc\u00ea ter\u00e1 muitas coisas para resolver, e perder tempo estando doente, vai ser tudo que voc\u00ea n\u00e3o vai querer nesse momento.<\/p>\n\n\n\n<p>Para quem vem com crian\u00e7as, pensar no clima \u00e9 essencial!!! Os pequenos que ainda n\u00e3o possuem o sistema de defesa totalmente formado, sofrem muito com essa mudan\u00e7a clim\u00e1tica e consequentemente, os papais sofrem juntos.<\/p>\n\n\n\n<p>Al\u00e9m do fator \u201cgripe e resfriado\u201d, os pequenos n\u00e3o est\u00e3o acostumados a vestir tanta roupa, assim que a melhor alternativa \u00e9 que essa passagem de roupas leves, para roupas mais pesadas seja feita aos poucos. Ent\u00e3o se poss\u00edvel, fuja dos meses entre<strong> Novembro<\/strong> e <strong>Mar\u00e7o<\/strong>.<\/p>\n\n\n\n<figure class=\"wp-block-image\"><img src=\"https:\/\/lh5.googleusercontent.com\/GbP_bdCuDWzyBCvch6lAUMYt5D4h5O7BlVox0laPmZohzRgRFPcQOWNACHtkuu8eGMDNKzVxK6-gizuOp4ID2GDxsz1c2zz8sj1mqLq99JnUDalRiJICnI9MEbRgFA\" alt=\"\"\/><\/figure>\n\n\n\n<p><strong>Alugar um im\u00f3vel<\/strong><\/p>\n\n\n\n<p>Assim como no Brasil, a maioria dos locais, com\u00e9rcios e \u00f3rg\u00e3os p\u00fablicos na Espanha, entram em recesso no final do ano, mais precisamente entre o Natal, Ano Novo e as Festas dos Reis Magos. Isso inclui as imobili\u00e1rias e tamb\u00e9m os propriet\u00e1rios de im\u00f3veis que costumam viajar nesta \u00e9poca.<\/p>\n\n\n\n<p>Se voc\u00ea resolver se mudar nesta \u00e9poca, al\u00e9m de pagar mais caro em alugu\u00e9is tempor\u00e1rios ou hospedagens, voc\u00ea ir\u00e1 se deparar com uma dificuldade ainda maior para alugar um im\u00f3vel (al\u00e9m da dificuldade atual que j\u00e1 existe). Ent\u00e3o, se poss\u00edvel, opte por chegar ap\u00f3s a segunda semana de <strong>Janeiro<\/strong>, mas n\u00e3o esquecendo dos detalhes do que foram citados no item anterior.<\/p>\n\n\n\n<figure class=\"wp-block-image\"><img src=\"https:\/\/lh5.googleusercontent.com\/JZExxK_2ooHuJB4iMeo5eIuRKwNRcgI2Z5XingdCKVivDgozYlF6GJRmAbc4wPf99f6AX9scANVNHpbzcy6XeVo6XoazE3soh6arU1_fSOyiYcB1-wkrQfTBNi6yyA\" alt=\"\"\/><\/figure>\n\n\n\n<p><strong>Per\u00edodo de matr\u00edcula escolar<\/strong><\/p>\n\n\n\n<p>O per\u00edodo de matr\u00edcula das escolas, pode ter algumas varia\u00e7\u00f5es entre uma Comunidade e outra, mas em geral ele compreende os meses entre <strong>Abril<\/strong> e <strong>Junho<\/strong>. Passado esse per\u00edodo, as fam\u00edlias que chegarem na Espanha poder\u00e3o da mesma forma matricular os seus filhos, a \u00fanica diferen\u00e7a \u00e9 que voc\u00ea perder\u00e1 o direito de escolher em qual col\u00e9gio o seu filho estudar\u00e1.&nbsp;<\/p>\n\n\n\n<p>Ser\u00e1 designada para o seu filho, a escola que ainda possuir vagas e que estiver mais pr\u00f3xima ao endere\u00e7o que voc\u00ea e sua fam\u00edlia estiverem empadronados.<\/p>\n\n\n\n<p>Ent\u00e3o, se poss\u00edvel, pesquise qual \u00e9 o per\u00edodo de matr\u00edcula da Comunidade em que voc\u00ea deseja morar e caso isso seja um fato importante para voc\u00ea, esteja aqui nesse per\u00edodo. Que coincidentemente voc\u00ea estar\u00e1 tamb\u00e9m fugindo dos 2 \u00faltimos inconvenientes citados anteriormente \ud83d\ude09<\/p>\n\n\n\n<figure class=\"wp-block-image\"><img src=\"https:\/\/lh5.googleusercontent.com\/eI7D6pqbpxHo4UrF1rU3IY9MM3oGT44wYMcEvWiRYGZELpbJSYk1R9R_Jh73EC-7Fx9nLlfXePrylG9exhisHfdvgGCt3d8w7NEh3wjiP1DVc_WrBK-fWLr4TVDZlw\" alt=\"\"\/><\/figure>\n\n\n\n<p><strong>Encontrar um trabalho<\/strong><\/p>\n\n\n\n<p>Segundo especialistas no assunto, os meses entre <strong>Maio<\/strong> e <strong>Outubro<\/strong> s\u00e3o os melhores para se conseguir um trabalho. Nesses meses o setor do turismo, que tem uma importante participa\u00e7\u00e3o na economia da Espanha, tem um aumento significativo na sua demanda, al\u00e9m de serem meses que muitos funcion\u00e1rios tiram f\u00e9rias e assim, surgem os trabalhos temporais, que por muitas vezes acabam se convertendo em uma grande possibilidade de efetiva\u00e7\u00e3o definitiva.<\/p>\n\n\n\n<p>Resumindo toda essa informa\u00e7\u00e3o e tentando chegar na resposta da pergunta feita l\u00e1 no comecinho desse post, a conclus\u00e3o \u00e9 de que os meses mais indicados para que voc\u00ea realize a sua mudan\u00e7a para a Espanha \u00e9 entre os meses de <strong>Abril<\/strong> e <strong>Outubro<\/strong> pelos diversos pontos citados.<\/p>\n\n\n\n<p>Sabemos que muitas vezes e por diversas circunst\u00e2ncias, n\u00e3o \u00e9 poss\u00edvel escolher uma data ou mesmo um m\u00eas para realizar essa mudan\u00e7a, mas sempre que for poss\u00edvel, considere essas dicas na hora de concluir o seu planejamento!!!<\/p>\n\n\n\n<p>Gostou das dicas?? Ent\u00e3o se inscreva para receber a nossa Newsletter, assim voc\u00ea sempre ser\u00e1 notificado quando tivermos mais dicas como essa.<\/p>\n","protected":false},"excerpt":{"rendered":"<p>Planejamento quase na etapa final e chega a hora de pensar em qual \u00e9poca e m\u00eas voc\u00ea realizar\u00e1 a t\u00e3o sonhada mudan\u00e7a. Pode parecer bobeira, mas existem sim alguns per\u00edodos do ano que s\u00e3o mais aconselhados para a realiza\u00e7\u00e3o da mudan\u00e7a e isso se deve a diversos motivos que voc\u00ea j\u00e1 vai saber quais s\u00e3o. &hellip; <\/p>\n","protected":false},"author":1,"featured_media":941,"comment_status":"open","ping_status":"open","sticky":false,"template":"","format":"standard","meta":[],"categories":[1],"tags":[],"_links":{"self":[{"href":"https:\/\/hablagalera.com\/index.php?rest_route=\/wp\/v2\/posts\/938"}],"collection":[{"href":"https:\/\/hablagalera.com\/index.php?rest_route=\/wp\/v2\/posts"}],"about":[{"href":"https:\/\/hablagalera.com\/index.php?rest_route=\/wp\/v2\/types\/post"}],"author":[{"embeddable":true,"href":"https:\/\/hablagalera.com\/index.php?rest_route=\/wp\/v2\/users\/1"}],"replies":[{"embeddable":true,"href":"https:\/\/hablagalera.com\/index.php?rest_route=%2Fwp%2Fv2%2Fcomments&post=938"}],"version-history":[{"count":1,"href":"https:\/\/hablagalera.com\/index.php?rest_route=\/wp\/v2\/posts\/938\/revisions"}],"predecessor-version":[{"id":940,"href":"https:\/\/hablagalera.com\/index.php?rest_route=\/wp\/v2\/posts\/938\/revisions\/940"}],"wp:featuredmedia":[{"embeddable":true,"href":"https:\/\/hablagalera.com\/index.php?rest_route=\/wp\/v2\/media\/941"}],"wp:attachment":[{"href":"https:\/\/hablagalera.com\/index.php?rest_route=%2Fwp%2Fv2%2Fmedia&parent=938"}],"wp:term":[{"taxonomy":"category","embeddable":true,"href":"https:\/\/hablagalera.com\/index.php?rest_route=%2Fwp%2Fv2%2Fcategories&post=938"},{"taxonomy":"post_tag","embeddable":true,"href":"https:\/\/hablagalera.com\/index.php?rest_route=%2Fwp%2Fv2%2Ftags&post=938"}],"curies":[{"name":"wp","href":"https:\/\/api.w.org\/{rel}","templated":true}]}}